{"id":2497,"date":"2023-12-01T00:39:03","date_gmt":"2023-11-30T23:39:03","guid":{"rendered":"http:\/\/sp-niemcz.edu.pl\/?p=2497"},"modified":"2023-12-01T00:42:55","modified_gmt":"2023-11-30T23:42:55","slug":"narodowy-program-rozwoju-czytelnictwa","status":"publish","type":"post","link":"http:\/\/sp-niemcz.edu.pl\/index.php\/2023\/12\/01\/narodowy-program-rozwoju-czytelnictwa\/","title":{"rendered":"NARODOWY PROGRAM ROZWOJU CZYTELNICTWA"},"content":{"rendered":"\t\t<div data-elementor-type=\"wp-post\" data-elementor-id=\"2497\" class=\"elementor elementor-2497\">\n\t\t\t\t\t\t<section class=\"elementor-section elementor-top-section elementor-element elementor-element-4ac5479 elementor-section-boxed elementor-section-height-default elementor-section-height-default\" data-id=\"4ac5479\" data-element_type=\"section\">\n\t\t\t\t\t\t<div class=\"elementor-container elementor-column-gap-default\">\n\t\t\t\t\t<div class=\"elementor-column elementor-col-100 elementor-top-column elementor-element elementor-element-9cdd752\" data-id=\"9cdd752\" data-element_type=\"column\">\n\t\t\t<div class=\"elementor-widget-wrap elementor-element-populated\">\n\t\t\t\t\t\t<div class=\"elementor-element elementor-element-c6f5d44 elementor-widget elementor-widget-text-editor\" data-id=\"c6f5d44\" data-element_type=\"widget\" data-widget_type=\"text-editor.default\">\n\t\t\t\t<div class=\"elementor-widget-container\">\n\t\t\t\t\t\t\t\t\t<p>Nasza szko\u0142a w roku szkolnym 2022\/2023 ubiega\u0142a si\u0119 i uzyska\u0142a dofinansowanie \u00a0w ramach\u00a0<strong>Narodowego Programu Rozwoju Czytelnictwa 2.0 na lata 2021-2025<\/strong>\u00a0na zakup nowo\u015bci wydawniczych.\u00a0<\/p><p>Celem programu jest wsparcie, promocja i\u00a0rozw\u00f3j czytelnictwa w kraju.<\/p><p>Priorytetem projektu jest wzmocnienie potencja\u0142u i roli bibliotek szkolnych poprzez zakup nowo\u015bci wydawniczych zgodnych z zainteresowaniami\u00a0uczni\u00f3w.\u00a0<\/p><p>Dzi\u0119ki temu uczniowie b\u0119d\u0105 mogli korzysta\u0107 z najnowszych propozycji ksi\u0105\u017ckowych oferowanych na rynku wydawniczym.<\/p><p>Realizacj\u0119 zada\u0144 w ramach Narodowego Programu Rozwoju Czytelnictwa rozpocz\u0119li\u015bmy w szkole od maja 2023 i b\u0119d\u0105 one realizowane do czerwca 2024r.\u00a0<\/p><p>Otrzymane \u015brodki finansowe przeznaczyli\u015bmy na zakup ksi\u0105\u017cek i dzia\u0142ania promuj\u0105ce czytelnictwo.<\/p><p>W tej chwili ksi\u0105\u017cki s\u0105 sukcesywnie wprowadzane do katalogu.\u00a0<\/p><p>Zapraszamy do ich wypo\u017cyczania.<\/p>\t\t\t\t\t\t\t\t<\/div>\n\t\t\t\t<\/div>\n\t\t\t\t\t<\/div>\n\t\t<\/div>\n\t\t\t\t\t<\/div>\n\t\t<\/section>\n\t\t\t\t<section class=\"elementor-section elementor-top-section elementor-element elementor-element-0859996 elementor-section-boxed elementor-section-height-default elementor-section-height-default\" data-id=\"0859996\" data-element_type=\"section\">\n\t\t\t\t\t\t<div class=\"elementor-container elementor-column-gap-default\">\n\t\t\t\t\t<div class=\"elementor-column elementor-col-100 elementor-top-column elementor-element elementor-element-7a13476\" data-id=\"7a13476\" data-element_type=\"column\">\n\t\t\t<div class=\"elementor-widget-wrap\">\n\t\t\t\t\t\t\t<\/div>\n\t\t<\/div>\n\t\t\t\t\t<\/div>\n\t\t<\/section>\n\t\t\t\t<section class=\"elementor-section elementor-top-section elementor-element elementor-element-5fbd30a elementor-section-boxed elementor-section-height-default elementor-section-height-default\" data-id=\"5fbd30a\" data-element_type=\"section\">\n\t\t\t\t\t\t<div class=\"elementor-container elementor-column-gap-default\">\n\t\t\t\t\t<div class=\"elementor-column elementor-col-100 elementor-top-column elementor-element elementor-element-270e221\" data-id=\"270e221\" data-element_type=\"column\">\n\t\t\t<div class=\"elementor-widget-wrap elementor-element-populated\">\n\t\t\t\t\t\t<div class=\"elementor-element elementor-element-1f48b51 elementor-widget elementor-widget-image-gallery\" data-id=\"1f48b51\" data-element_type=\"widget\" data-widget_type=\"image-gallery.default\">\n\t\t\t\t<div class=\"elementor-widget-container\">\n\t\t\t\t\t\t\t<div class=\"elementor-image-gallery\">\n\t\t\t<div id='gallery-1' class='gallery galleryid-2497 gallery-columns-4 gallery-size-thumbnail'><figure class='gallery-item'>\n\t\t\t<div class='gallery-icon landscape'>\n\t\t\t\t<a data-elementor-open-lightbox=\"yes\" data-elementor-lightbox-slideshow=\"1f48b51\" data-elementor-lightbox-title=\"20231019_113314\" data-e-action-hash=\"#elementor-action%3Aaction%3Dlightbox%26settings%3DeyJpZCI6MjQ5OSwidXJsIjoiaHR0cDpcL1wvc3AtbmllbWN6LmVkdS5wbFwvd3AtY29udGVudFwvdXBsb2Fkc1wvMjAyM1wvMTJcLzIwMjMxMDE5XzExMzMxNC1zY2FsZWQuanBnIiwic2xpZGVzaG93IjoiMWY0OGI1MSJ9\" href='http:\/\/sp-niemcz.edu.pl\/wp-content\/uploads\/2023\/12\/20231019_113314-scaled.jpg'><img decoding=\"async\" width=\"150\" height=\"150\" src=\"http:\/\/sp-niemcz.edu.pl\/wp-content\/uploads\/2023\/12\/20231019_113314-150x150.jpg\" class=\"attachment-thumbnail size-thumbnail\" alt=\"\" \/><\/a>\n\t\t\t<\/div><\/figure><figure class='gallery-item'>\n\t\t\t<div class='gallery-icon landscape'>\n\t\t\t\t<a data-elementor-open-lightbox=\"yes\" data-elementor-lightbox-slideshow=\"1f48b51\" data-elementor-lightbox-title=\"20231019_113302\" data-e-action-hash=\"#elementor-action%3Aaction%3Dlightbox%26settings%3DeyJpZCI6MjUwMCwidXJsIjoiaHR0cDpcL1wvc3AtbmllbWN6LmVkdS5wbFwvd3AtY29udGVudFwvdXBsb2Fkc1wvMjAyM1wvMTJcLzIwMjMxMDE5XzExMzMwMi1zY2FsZWQuanBnIiwic2xpZGVzaG93IjoiMWY0OGI1MSJ9\" href='http:\/\/sp-niemcz.edu.pl\/wp-content\/uploads\/2023\/12\/20231019_113302-scaled.jpg'><img decoding=\"async\" width=\"150\" height=\"150\" src=\"http:\/\/sp-niemcz.edu.pl\/wp-content\/uploads\/2023\/12\/20231019_113302-150x150.jpg\" class=\"attachment-thumbnail size-thumbnail\" alt=\"\" \/><\/a>\n\t\t\t<\/div><\/figure><figure class='gallery-item'>\n\t\t\t<div class='gallery-icon portrait'>\n\t\t\t\t<a data-elementor-open-lightbox=\"yes\" data-elementor-lightbox-slideshow=\"1f48b51\" data-elementor-lightbox-title=\"20231123_150931\" data-e-action-hash=\"#elementor-action%3Aaction%3Dlightbox%26settings%3DeyJpZCI6MjUwMSwidXJsIjoiaHR0cDpcL1wvc3AtbmllbWN6LmVkdS5wbFwvd3AtY29udGVudFwvdXBsb2Fkc1wvMjAyM1wvMTJcLzIwMjMxMTIzXzE1MDkzMS1zY2FsZWQuanBnIiwic2xpZGVzaG93IjoiMWY0OGI1MSJ9\" href='http:\/\/sp-niemcz.edu.pl\/wp-content\/uploads\/2023\/12\/20231123_150931-scaled.jpg'><img decoding=\"async\" width=\"150\" height=\"150\" src=\"http:\/\/sp-niemcz.edu.pl\/wp-content\/uploads\/2023\/12\/20231123_150931-150x150.jpg\" class=\"attachment-thumbnail size-thumbnail\" alt=\"\" \/><\/a>\n\t\t\t<\/div><\/figure><figure class='gallery-item'>\n\t\t\t<div class='gallery-icon landscape'>\n\t\t\t\t<a data-elementor-open-lightbox=\"yes\" data-elementor-lightbox-slideshow=\"1f48b51\" data-elementor-lightbox-title=\"20231019_113539\" data-e-action-hash=\"#elementor-action%3Aaction%3Dlightbox%26settings%3DeyJpZCI6MjUwMiwidXJsIjoiaHR0cDpcL1wvc3AtbmllbWN6LmVkdS5wbFwvd3AtY29udGVudFwvdXBsb2Fkc1wvMjAyM1wvMTJcLzIwMjMxMDE5XzExMzUzOS1zY2FsZWQuanBnIiwic2xpZGVzaG93IjoiMWY0OGI1MSJ9\" href='http:\/\/sp-niemcz.edu.pl\/wp-content\/uploads\/2023\/12\/20231019_113539-scaled.jpg'><img loading=\"lazy\" decoding=\"async\" width=\"150\" height=\"150\" src=\"http:\/\/sp-niemcz.edu.pl\/wp-content\/uploads\/2023\/12\/20231019_113539-150x150.jpg\" class=\"attachment-thumbnail size-thumbnail\" alt=\"\" \/><\/a>\n\t\t\t<\/div><\/figure>\n\t\t<\/div>\n\t\t<\/div>\n\t\t\t\t\t\t<\/div>\n\t\t\t\t<\/div>\n\t\t\t\t\t<\/div>\n\t\t<\/div>\n\t\t\t\t\t<\/div>\n\t\t<\/section>\n\t\t\t\t<section class=\"elementor-section elementor-top-section elementor-element elementor-element-eb56e59 elementor-section-boxed elementor-section-height-default elementor-section-height-default\" data-id=\"eb56e59\" data-element_type=\"section\">\n\t\t\t\t\t\t<div class=\"elementor-container elementor-column-gap-default\">\n\t\t\t\t\t<div class=\"elementor-column elementor-col-100 elementor-top-column elementor-element elementor-element-10a7461\" data-id=\"10a7461\" data-element_type=\"column\">\n\t\t\t<div class=\"elementor-widget-wrap\">\n\t\t\t\t\t\t\t<\/div>\n\t\t<\/div>\n\t\t\t\t\t<\/div>\n\t\t<\/section>\n\t\t\t\t<section class=\"elementor-section elementor-top-section elementor-element elementor-element-e4f76eb elementor-section-boxed elementor-section-height-default elementor-section-height-default\" data-id=\"e4f76eb\" data-element_type=\"section\">\n\t\t\t\t\t\t<div class=\"elementor-container elementor-column-gap-default\">\n\t\t\t\t\t<div class=\"elementor-column elementor-col-100 elementor-top-column elementor-element elementor-element-299e9ac\" data-id=\"299e9ac\" data-element_type=\"column\">\n\t\t\t<div class=\"elementor-widget-wrap elementor-element-populated\">\n\t\t\t\t\t\t<div class=\"elementor-element elementor-element-8259668 elementor-widget elementor-widget-image\" data-id=\"8259668\" data-element_type=\"widget\" data-widget_type=\"image.default\">\n\t\t\t\t<div class=\"elementor-widget-container\">\n\t\t\t\t\t\t\t\t\t\t\t\t\t\t\t<img loading=\"lazy\" decoding=\"async\" width=\"1024\" height=\"583\" src=\"http:\/\/sp-niemcz.edu.pl\/wp-content\/uploads\/2023\/12\/Logo-NPRC-1024x583.jpg\" class=\"attachment-large size-large wp-image-2503\" alt=\"\" srcset=\"http:\/\/sp-niemcz.edu.pl\/wp-content\/uploads\/2023\/12\/Logo-NPRC-1024x583.jpg 1024w, http:\/\/sp-niemcz.edu.pl\/wp-content\/uploads\/2023\/12\/Logo-NPRC-300x171.jpg 300w, http:\/\/sp-niemcz.edu.pl\/wp-content\/uploads\/2023\/12\/Logo-NPRC-768x437.jpg 768w, http:\/\/sp-niemcz.edu.pl\/wp-content\/uploads\/2023\/12\/Logo-NPRC-1536x874.jpg 1536w, http:\/\/sp-niemcz.edu.pl\/wp-content\/uploads\/2023\/12\/Logo-NPRC.jpg 1922w\" sizes=\"(max-width: 1024px) 100vw, 1024px\" \/>\t\t\t\t\t\t\t\t\t\t\t\t\t\t\t<\/div>\n\t\t\t\t<\/div>\n\t\t\t\t\t<\/div>\n\t\t<\/div>\n\t\t\t\t\t<\/div>\n\t\t<\/section>\n\t\t\t\t<\/div>\n\t\t","protected":false},"excerpt":{"rendered":"<p>Nasza szko\u0142a w roku szkolnym 2022\/2023 ubiega\u0142a si\u0119 i uzyska\u0142a dofinansowanie \u00a0w ramach\u00a0Narodowego Programu Rozwoju Czytelnictwa 2.0 na lata 2021-2025\u00a0na zakup nowo\u015bci wydawniczych.\u00a0 Celem programu jest wsparcie, promocja i\u00a0rozw\u00f3j czytelnictwa w kraju. Priorytetem projektu jest wzmocnienie potencja\u0142u i roli bibliotek szkolnych poprzez zakup nowo\u015bci wydawniczych zgodnych z zainteresowaniami\u00a0uczni\u00f3w.\u00a0 Dzi\u0119ki temu uczniowie b\u0119d\u0105 mogli korzysta\u0107 z [&hellip;]<\/p>\n","protected":false},"author":3,"featured_media":0,"comment_status":"closed","ping_status":"open","sticky":false,"template":"","format":"standard","meta":{"site-sidebar-layout":"default","site-content-layout":"","ast-site-content-layout":"","site-content-style":"default","site-sidebar-style":"default","ast-global-header-display":"","ast-banner-title-visibility":"","ast-main-header-display":"","ast-hfb-above-header-display":"","ast-hfb-below-header-display":"","ast-hfb-mobile-header-display":"","site-post-title":"","ast-breadcrumbs-content":"","ast-featured-img":"","footer-sml-layout":"","theme-transparent-header-meta":"","adv-header-id-meta":"","stick-header-meta":"","header-above-stick-meta":"","header-main-stick-meta":"","header-below-stick-meta":"","astra-migrate-meta-layouts":"default","ast-page-background-enabled":"default","ast-page-background-meta":{"desktop":{"background-color":"var(--ast-global-color-4)","background-image":"","background-repeat":"repeat","background-position":"center center","background-size":"auto","background-attachment":"scroll","background-type":"","background-media":"","overlay-type":"","overlay-color":"","overlay-opacity":"","overlay-gradient":""},"tablet":{"background-color":"","background-image":"","background-repeat":"repeat","background-position":"center center","background-size":"auto","background-attachment":"scroll","background-type":"","background-media":"","overlay-type":"","overlay-color":"","overlay-opacity":"","overlay-gradient":""},"mobile":{"background-color":"","background-image":"","background-repeat":"repeat","background-position":"center center","background-size":"auto","background-attachment":"scroll","background-type":"","background-media":"","overlay-type":"","overlay-color":"","overlay-opacity":"","overlay-gradient":""}},"ast-content-background-meta":{"desktop":{"background-color":"var(--ast-global-color-5)","background-image":"","background-repeat":"repeat","background-position":"center center","background-size":"auto","background-attachment":"scroll","background-type":"","background-media":"","overlay-type":"","overlay-color":"","overlay-opacity":"","overlay-gradient":""},"tablet":{"background-color":"var(--ast-global-color-5)","background-image":"","background-repeat":"repeat","background-position":"center center","background-size":"auto","background-attachment":"scroll","background-type":"","background-media":"","overlay-type":"","overlay-color":"","overlay-opacity":"","overlay-gradient":""},"mobile":{"background-color":"var(--ast-global-color-5)","background-image":"","background-repeat":"repeat","background-position":"center center","background-size":"auto","background-attachment":"scroll","background-type":"","background-media":"","overlay-type":"","overlay-color":"","overlay-opacity":"","overlay-gradient":""}},"footnotes":""},"categories":[1],"tags":[],"class_list":["post-2497","post","type-post","status-publish","format-standard","hentry","category-bez-kategorii"],"_links":{"self":[{"href":"http:\/\/sp-niemcz.edu.pl\/index.php\/wp-json\/wp\/v2\/posts\/2497","targetHints":{"allow":["GET"]}}],"collection":[{"href":"http:\/\/sp-niemcz.edu.pl\/index.php\/wp-json\/wp\/v2\/posts"}],"about":[{"href":"http:\/\/sp-niemcz.edu.pl\/index.php\/wp-json\/wp\/v2\/types\/post"}],"author":[{"embeddable":true,"href":"http:\/\/sp-niemcz.edu.pl\/index.php\/wp-json\/wp\/v2\/users\/3"}],"replies":[{"embeddable":true,"href":"http:\/\/sp-niemcz.edu.pl\/index.php\/wp-json\/wp\/v2\/comments?post=2497"}],"version-history":[{"count":4,"href":"http:\/\/sp-niemcz.edu.pl\/index.php\/wp-json\/wp\/v2\/posts\/2497\/revisions"}],"predecessor-version":[{"id":2506,"href":"http:\/\/sp-niemcz.edu.pl\/index.php\/wp-json\/wp\/v2\/posts\/2497\/revisions\/2506"}],"wp:attachment":[{"href":"http:\/\/sp-niemcz.edu.pl\/index.php\/wp-json\/wp\/v2\/media?parent=2497"}],"wp:term":[{"taxonomy":"category","embeddable":true,"href":"http:\/\/sp-niemcz.edu.pl\/index.php\/wp-json\/wp\/v2\/categories?post=2497"},{"taxonomy":"post_tag","embeddable":true,"href":"http:\/\/sp-niemcz.edu.pl\/index.php\/wp-json\/wp\/v2\/tags?post=2497"}],"curies":[{"name":"wp","href":"https:\/\/api.w.org\/{rel}","templated":true}]}}