{"id":4300,"date":"2026-01-23T16:26:24","date_gmt":"2026-01-23T15:26:24","guid":{"rendered":"https:\/\/sp-niemcz.edu.pl\/?p=4300"},"modified":"2026-01-23T16:28:18","modified_gmt":"2026-01-23T15:28:18","slug":"wspolpraca-ukw-ze-szkola-podstawowa-im-agaty-mroz-w-niemczu","status":"publish","type":"post","link":"http:\/\/sp-niemcz.edu.pl\/index.php\/2026\/01\/23\/wspolpraca-ukw-ze-szkola-podstawowa-im-agaty-mroz-w-niemczu\/","title":{"rendered":"Wsp\u00f3\u0142praca UKW ze Szko\u0142\u0105 Podstawow\u0105 im. Agaty Mr\u00f3z w Niemczu"},"content":{"rendered":"\t\t<div data-elementor-type=\"wp-post\" data-elementor-id=\"4300\" class=\"elementor elementor-4300\">\n\t\t\t\t\t\t<section class=\"elementor-section elementor-top-section elementor-element elementor-element-e6c4273 elementor-section-boxed elementor-section-height-default elementor-section-height-default\" data-id=\"e6c4273\" data-element_type=\"section\">\n\t\t\t\t\t\t<div class=\"elementor-container elementor-column-gap-default\">\n\t\t\t\t\t<div class=\"elementor-column elementor-col-100 elementor-top-column elementor-element elementor-element-be66b1a\" data-id=\"be66b1a\" data-element_type=\"column\">\n\t\t\t<div class=\"elementor-widget-wrap elementor-element-populated\">\n\t\t\t\t\t\t<div class=\"elementor-element elementor-element-9bd28c1 elementor-widget elementor-widget-text-editor\" data-id=\"9bd28c1\" data-element_type=\"widget\" data-widget_type=\"text-editor.default\">\n\t\t\t\t<div class=\"elementor-widget-container\">\n\t\t\t\t\t\t\t\t\t<p data-start=\"258\" data-end=\"477\"><strong>Cykl comiesi\u0119cznych wyk\u0142ad\u00f3w po\u015bwi\u0119cony kulturze, literaturze i j\u0119zykowi b\u0119dzie okazj\u0105 do spotka\u0144 z naukowcami Uniwersytetu Kazimierza Wielkiego w Bydgoszczy. Wydarzenia skierowane s\u0105 do uczni\u00f3w oraz mieszka\u0144c\u00f3w i b\u0119d\u0105 odbywa\u0107 si\u0119 w siedzibie Szko\u0142y Podstawowej im. Agaty Mr\u00f3z w Niemczu oraz w Szkole Podstawowej nr 20 im. Ks. Prymasa Stefana Kardyna\u0142a Wyszy\u0144skiego z Oddzia\u0142ami Integracyjnymi w Bydgoszczy. Udzia\u0142 w wyk\u0142adach jest bezp\u0142atny. Projekt ma na celu popularyzacj\u0119 wiedzy humanistycznej oraz wzmacnianie wsp\u00f3\u0142pracy szk\u00f3\u0142 ze \u015brodowiskiem lokalnym.<\/strong><\/p><p data-start=\"258\" data-end=\"477\">Uniwersytet Kazimierza Wielkiego w Bydgoszczy zawar\u0142 umow\u0119 o wsp\u00f3\u0142pracy przy realizacji projektu edukacyjno-kulturalnego \u201eBydgoszcz w kulturze, literaturze i j\u0119zyku\u201d z dwiema szko\u0142ami: Szko\u0142\u0105 Podstawow\u0105 im. Agaty Mr\u00f3z w Niemczu oraz Szko\u0142\u0105 Podstawow\u0105 nr 20 im. Ks. Prymasa Stefana Kardyna\u0142a Wyszy\u0144skiego z Oddzia\u0142ami Integracyjnymi w Bydgoszczy.<\/p><p data-start=\"479\" data-end=\"872\">W ramach projektu, w okresie od lutego do grudnia 2026 roku (z wy\u0142\u0105czeniem miesi\u0119cy wakacyjnych), w siedzibie Szko\u0142y Podstawowej im. Agaty Mr\u00f3z w Niemczu oraz w SP nr 20 im. Ks. Prymasa Stefana Kardyna\u0142a Wyszy\u0144skiego z Oddzia\u0142ami Integracyjnymi w Bydgoszczy odbywa\u0107 si\u0119 b\u0119dzie cykl comiesi\u0119cznych wyk\u0142ad\u00f3w prowadzonych przez pracownik\u00f3w naukowych Uniwersytetu Kazimierza Wielkiego w Bydgoszczy. Wydarzenia skierowane s\u0105 do uczni\u00f3w oraz mieszka\u0144c\u00f3w Niemcza i Bydgoszczy, a udzia\u0142 w nich b\u0119dzie bezp\u0142atny.<\/p><p data-start=\"874\" data-end=\"1049\">Celem wsp\u00f3\u0142pracy jest popularyzacja wiedzy humanistycznej, rozwijanie zainteresowa\u0144 kulturalnych i j\u0119zykowych uczni\u00f3w oraz wzmacnianie relacji szko\u0142y ze \u015brodowiskiem lokalnym.<\/p><p data-start=\"874\" data-end=\"1049\">Ze strony Uniwersytetu Kazimierza Wielkiego w Bydgoszczy wsp\u00f3\u0142prac\u0119 koordynuj\u0105: Dziekan Wydzia\u0142u J\u0119zykoznawstwa prof. dr hab. Magdalena Czachorowska oraz dr Marta Hartenberger-Goc\u00f3\u0142.<\/p>\t\t\t\t\t\t\t\t<\/div>\n\t\t\t\t<\/div>\n\t\t\t\t\t<\/div>\n\t\t<\/div>\n\t\t\t\t\t<\/div>\n\t\t<\/section>\n\t\t\t\t<\/div>\n\t\t","protected":false},"excerpt":{"rendered":"<p>Cykl comiesi\u0119cznych wyk\u0142ad\u00f3w po\u015bwi\u0119cony kulturze, literaturze i j\u0119zykowi b\u0119dzie okazj\u0105 do spotka\u0144 z naukowcami Uniwersytetu Kazimierza Wielkiego w Bydgoszczy. Wydarzenia skierowane s\u0105 do uczni\u00f3w oraz mieszka\u0144c\u00f3w i b\u0119d\u0105 odbywa\u0107 si\u0119 w siedzibie Szko\u0142y Podstawowej im. Agaty Mr\u00f3z w Niemczu oraz w Szkole Podstawowej nr 20 im. Ks. Prymasa Stefana Kardyna\u0142a Wyszy\u0144skiego z Oddzia\u0142ami Integracyjnymi w [&hellip;]<\/p>\n","protected":false},"author":3,"featured_media":4301,"comment_status":"closed","ping_status":"open","sticky":false,"template":"","format":"standard","meta":{"site-sidebar-layout":"default","site-content-layout":"","ast-site-content-layout":"default","site-content-style":"default","site-sidebar-style":"default","ast-global-header-display":"","ast-banner-title-visibility":"","ast-main-header-display":"","ast-hfb-above-header-display":"","ast-hfb-below-header-display":"","ast-hfb-mobile-header-display":"","site-post-title":"","ast-breadcrumbs-content":"","ast-featured-img":"","footer-sml-layout":"","theme-transparent-header-meta":"","adv-header-id-meta":"","stick-header-meta":"","header-above-stick-meta":"","header-main-stick-meta":"","header-below-stick-meta":"","astra-migrate-meta-layouts":"set","ast-page-background-enabled":"default","ast-page-background-meta":{"desktop":{"background-color":"var(--ast-global-color-4)","background-image":"","background-repeat":"repeat","background-position":"center center","background-size":"auto","background-attachment":"scroll","background-type":"","background-media":"","overlay-type":"","overlay-color":"","overlay-opacity":"","overlay-gradient":""},"tablet":{"background-color":"","background-image":"","background-repeat":"repeat","background-position":"center center","background-size":"auto","background-attachment":"scroll","background-type":"","background-media":"","overlay-type":"","overlay-color":"","overlay-opacity":"","overlay-gradient":""},"mobile":{"background-color":"","background-image":"","background-repeat":"repeat","background-position":"center center","background-size":"auto","background-attachment":"scroll","background-type":"","background-media":"","overlay-type":"","overlay-color":"","overlay-opacity":"","overlay-gradient":""}},"ast-content-background-meta":{"desktop":{"background-color":"var(--ast-global-color-5)","background-image":"","background-repeat":"repeat","background-position":"center center","background-size":"auto","background-attachment":"scroll","background-type":"","background-media":"","overlay-type":"","overlay-color":"","overlay-opacity":"","overlay-gradient":""},"tablet":{"background-color":"var(--ast-global-color-5)","background-image":"","background-repeat":"repeat","background-position":"center center","background-size":"auto","background-attachment":"scroll","background-type":"","background-media":"","overlay-type":"","overlay-color":"","overlay-opacity":"","overlay-gradient":""},"mobile":{"background-color":"var(--ast-global-color-5)","background-image":"","background-repeat":"repeat","background-position":"center center","background-size":"auto","background-attachment":"scroll","background-type":"","background-media":"","overlay-type":"","overlay-color":"","overlay-opacity":"","overlay-gradient":""}},"footnotes":""},"categories":[1],"tags":[],"class_list":["post-4300","post","type-post","status-publish","format-standard","has-post-thumbnail","hentry","category-bez-kategorii"],"_links":{"self":[{"href":"http:\/\/sp-niemcz.edu.pl\/index.php\/wp-json\/wp\/v2\/posts\/4300","targetHints":{"allow":["GET"]}}],"collection":[{"href":"http:\/\/sp-niemcz.edu.pl\/index.php\/wp-json\/wp\/v2\/posts"}],"about":[{"href":"http:\/\/sp-niemcz.edu.pl\/index.php\/wp-json\/wp\/v2\/types\/post"}],"author":[{"embeddable":true,"href":"http:\/\/sp-niemcz.edu.pl\/index.php\/wp-json\/wp\/v2\/users\/3"}],"replies":[{"embeddable":true,"href":"http:\/\/sp-niemcz.edu.pl\/index.php\/wp-json\/wp\/v2\/comments?post=4300"}],"version-history":[{"count":4,"href":"http:\/\/sp-niemcz.edu.pl\/index.php\/wp-json\/wp\/v2\/posts\/4300\/revisions"}],"predecessor-version":[{"id":4305,"href":"http:\/\/sp-niemcz.edu.pl\/index.php\/wp-json\/wp\/v2\/posts\/4300\/revisions\/4305"}],"wp:featuredmedia":[{"embeddable":true,"href":"http:\/\/sp-niemcz.edu.pl\/index.php\/wp-json\/wp\/v2\/media\/4301"}],"wp:attachment":[{"href":"http:\/\/sp-niemcz.edu.pl\/index.php\/wp-json\/wp\/v2\/media?parent=4300"}],"wp:term":[{"taxonomy":"category","embeddable":true,"href":"http:\/\/sp-niemcz.edu.pl\/index.php\/wp-json\/wp\/v2\/categories?post=4300"},{"taxonomy":"post_tag","embeddable":true,"href":"http:\/\/sp-niemcz.edu.pl\/index.php\/wp-json\/wp\/v2\/tags?post=4300"}],"curies":[{"name":"wp","href":"https:\/\/api.w.org\/{rel}","templated":true}]}}