{"id":2259,"date":"2023-09-15T11:27:33","date_gmt":"2023-09-15T09:27:33","guid":{"rendered":"http:\/\/sp-niemcz.edu.pl\/?p=2259"},"modified":"2023-09-15T11:27:35","modified_gmt":"2023-09-15T09:27:35","slug":"arytmetyka-mentalna-amakids","status":"publish","type":"post","link":"https:\/\/sp-niemcz.edu.pl\/index.php\/2023\/09\/15\/arytmetyka-mentalna-amakids\/","title":{"rendered":"ARYTMETYKA MENTALNA &#8211; AMAKids"},"content":{"rendered":"\n<p class=\"has-text-align-center\">Szanowni Pa\u0144stwo, Drodzy Rodzice!<\/p>\n\n\n\n<p class=\"has-text-align-center\">Zapraszamy RODZIC\u00d3W Z DZIE\u0106MI<\/p>\n\n\n\n<p class=\"has-text-align-center\">na bezp\u0142atn\u0105 lekcj\u0119 pokazow\u0105 dla Szko\u0142y Podstawowej im. Agaty Mr\u00f3z w Niemczu do sali nr 28.<\/p>\n\n\n\n<p class=\"has-text-align-center\">Zg\u0142oszenia zainteresowanych os\u00f3b prosimy kierowa\u0107 na adres: <em><a href=\"mailto:bydgoszcz@amakids.pl\"><b>bydgoszcz@amakids.pl<\/b><\/a><\/em><\/p>\n\n\n\n<p class=\"has-text-align-center\">Wi\u0119cej szczeg\u00f3\u0142\u00f3w wkr\u00f3tce!<\/p>\n\n\n\n<p class=\"has-text-align-center\"><a href=\"https:\/\/amakids.pl\/\">https:\/\/amakids.pl\/<\/a><\/p>\n\n\n<figure class=\"aligncenter wp-block-post-featured-image\"><img fetchpriority=\"high\" decoding=\"async\" width=\"1680\" height=\"635\" src=\"https:\/\/sp-niemcz.edu.pl\/wp-content\/uploads\/2023\/09\/ama.jpg\" class=\"attachment-post-thumbnail size-post-thumbnail wp-post-image\" alt=\"\" style=\"object-fit:cover;\" srcset=\"https:\/\/sp-niemcz.edu.pl\/wp-content\/uploads\/2023\/09\/ama.jpg 1680w, https:\/\/sp-niemcz.edu.pl\/wp-content\/uploads\/2023\/09\/ama-300x113.jpg 300w, https:\/\/sp-niemcz.edu.pl\/wp-content\/uploads\/2023\/09\/ama-1024x387.jpg 1024w, https:\/\/sp-niemcz.edu.pl\/wp-content\/uploads\/2023\/09\/ama-768x290.jpg 768w, https:\/\/sp-niemcz.edu.pl\/wp-content\/uploads\/2023\/09\/ama-1536x581.jpg 1536w\" sizes=\"(max-width: 1680px) 100vw, 1680px\" \/><\/figure>","protected":false},"excerpt":{"rendered":"<p>Szanowni Pa\u0144stwo, Drodzy Rodzice! Zapraszamy RODZIC\u00d3W Z DZIE\u0106MI na bezp\u0142atn\u0105 lekcj\u0119 pokazow\u0105 dla Szko\u0142y Podstawowej im. Agaty Mr\u00f3z w Niemczu do sali nr 28. Zg\u0142oszenia zainteresowanych os\u00f3b prosimy kierowa\u0107 na adres: bydgoszcz@amakids.pl Wi\u0119cej szczeg\u00f3\u0142\u00f3w wkr\u00f3tce! https:\/\/amakids.pl\/<\/p>\n","protected":false},"author":3,"featured_media":2266,"comment_status":"closed","ping_status":"open","sticky":false,"template":"","format":"standard","meta":{"site-sidebar-layout":"default","site-content-layout":"","ast-site-content-layout":"","site-content-style":"default","site-sidebar-style":"default","ast-global-header-display":"","ast-banner-title-visibility":"","ast-main-header-display":"","ast-hfb-above-header-display":"","ast-hfb-below-header-display":"","ast-hfb-mobile-header-display":"","site-post-title":"","ast-breadcrumbs-content":"","ast-featured-img":"","footer-sml-layout":"","theme-transparent-header-meta":"","adv-header-id-meta":"","stick-header-meta":"","header-above-stick-meta":"","header-main-stick-meta":"","header-below-stick-meta":"","astra-migrate-meta-layouts":"default","ast-page-background-enabled":"default","ast-page-background-meta":{"desktop":{"background-color":"var(--ast-global-color-4)","background-image":"","background-repeat":"repeat","background-position":"center center","background-size":"auto","background-attachment":"scroll","background-type":"","background-media":"","overlay-type":"","overlay-color":"","overlay-opacity":"","overlay-gradient":""},"tablet":{"background-color":"","background-image":"","background-repeat":"repeat","background-position":"center center","background-size":"auto","background-attachment":"scroll","background-type":"","background-media":"","overlay-type":"","overlay-color":"","overlay-opacity":"","overlay-gradient":""},"mobile":{"background-color":"","background-image":"","background-repeat":"repeat","background-position":"center center","background-size":"auto","background-attachment":"scroll","background-type":"","background-media":"","overlay-type":"","overlay-color":"","overlay-opacity":"","overlay-gradient":""}},"ast-content-background-meta":{"desktop":{"background-color":"var(--ast-global-color-5)","background-image":"","background-repeat":"repeat","background-position":"center center","background-size":"auto","background-attachment":"scroll","background-type":"","background-media":"","overlay-type":"","overlay-color":"","overlay-opacity":"","overlay-gradient":""},"tablet":{"background-color":"var(--ast-global-color-5)","background-image":"","background-repeat":"repeat","background-position":"center center","background-size":"auto","background-attachment":"scroll","background-type":"","background-media":"","overlay-type":"","overlay-color":"","overlay-opacity":"","overlay-gradient":""},"mobile":{"background-color":"var(--ast-global-color-5)","background-image":"","background-repeat":"repeat","background-position":"center center","background-size":"auto","background-attachment":"scroll","background-type":"","background-media":"","overlay-type":"","overlay-color":"","overlay-opacity":"","overlay-gradient":""}},"footnotes":""},"categories":[1],"tags":[],"class_list":["post-2259","post","type-post","status-publish","format-standard","has-post-thumbnail","hentry","category-bez-kategorii"],"_links":{"self":[{"href":"https:\/\/sp-niemcz.edu.pl\/index.php\/wp-json\/wp\/v2\/posts\/2259","targetHints":{"allow":["GET"]}}],"collection":[{"href":"https:\/\/sp-niemcz.edu.pl\/index.php\/wp-json\/wp\/v2\/posts"}],"about":[{"href":"https:\/\/sp-niemcz.edu.pl\/index.php\/wp-json\/wp\/v2\/types\/post"}],"author":[{"embeddable":true,"href":"https:\/\/sp-niemcz.edu.pl\/index.php\/wp-json\/wp\/v2\/users\/3"}],"replies":[{"embeddable":true,"href":"https:\/\/sp-niemcz.edu.pl\/index.php\/wp-json\/wp\/v2\/comments?post=2259"}],"version-history":[{"count":3,"href":"https:\/\/sp-niemcz.edu.pl\/index.php\/wp-json\/wp\/v2\/posts\/2259\/revisions"}],"predecessor-version":[{"id":2267,"href":"https:\/\/sp-niemcz.edu.pl\/index.php\/wp-json\/wp\/v2\/posts\/2259\/revisions\/2267"}],"wp:featuredmedia":[{"embeddable":true,"href":"https:\/\/sp-niemcz.edu.pl\/index.php\/wp-json\/wp\/v2\/media\/2266"}],"wp:attachment":[{"href":"https:\/\/sp-niemcz.edu.pl\/index.php\/wp-json\/wp\/v2\/media?parent=2259"}],"wp:term":[{"taxonomy":"category","embeddable":true,"href":"https:\/\/sp-niemcz.edu.pl\/index.php\/wp-json\/wp\/v2\/categories?post=2259"},{"taxonomy":"post_tag","embeddable":true,"href":"https:\/\/sp-niemcz.edu.pl\/index.php\/wp-json\/wp\/v2\/tags?post=2259"}],"curies":[{"name":"wp","href":"https:\/\/api.w.org\/{rel}","templated":true}]}}