{"id":2732,"date":"2024-03-11T23:37:14","date_gmt":"2024-03-11T22:37:14","guid":{"rendered":"http:\/\/sp-niemcz.edu.pl\/?p=2732"},"modified":"2024-03-11T23:51:49","modified_gmt":"2024-03-11T22:51:49","slug":"nagroda-w-konkursie-trzeci-wymiar-edukacji","status":"publish","type":"post","link":"https:\/\/sp-niemcz.edu.pl\/index.php\/2024\/03\/11\/nagroda-w-konkursie-trzeci-wymiar-edukacji\/","title":{"rendered":"NAGRODA W KONKURSIE  &#8222;TRZECI WYMIAR EDUKACJI&#8221;"},"content":{"rendered":"\n<p class=\"has-text-align-center\">Z rado\u015bci\u0105 informujemy, \u017ce II Wojew\u00f3dzki konkurs &#8222;Trzeci wymiar edukacji&#8221; organizowany przez<\/p>\n\n\n\n<p class=\"has-text-align-center\">Kujawsko-Pomorskie Centrum Edukacji Nauczycieli w Bydgoszczy&nbsp;pod patronatem<\/p>\n\n\n\n<p class=\"has-text-align-center\">Kujawsko-Pomorskiego Kuratora O\u015bwiaty oraz Marsza\u0142ka Wojew\u00f3dztwa Kujawsko-Pomorskiego<\/p>\n\n\n\n<p class=\"has-text-align-center\">zosta\u0142 rozstrzygni\u0119ty.<\/p>\n\n\n\n<h4 class=\"wp-block-heading has-text-align-center\"><b>Nauczyciel: \u0141ukasz Borzych i ucze\u0144: Marceli Joachimiak&nbsp;<\/b><\/h4>\n\n\n\n<p class=\"has-text-align-center\">ze Szko\u0142y Podstawowej im. Agaty Mr\u00f3z w Niemczu<\/p>\n\n\n\n<h4 class=\"wp-block-heading has-text-align-center\"><b>zdobyli III miejsce za zaprojektowanie i wydrukowanie deszczowej chmurki.<\/b><\/h4>\n\n\n\n<p class=\"has-text-align-center\"><b>Gratulujemy!<\/b><\/p>\n\n\n\n<figure class=\"wp-block-image aligncenter\"><img decoding=\"async\" src=\"http:\/\/sp-niemcz.edu.pl\/wp-content\/uploads\/2024\/03\/foto_03001.jpg\" alt=\"\"\/><\/figure>\n","protected":false},"excerpt":{"rendered":"<p>Z rado\u015bci\u0105 informujemy, \u017ce II Wojew\u00f3dzki konkurs &#8222;Trzeci wymiar edukacji&#8221; organizowany przez Kujawsko-Pomorskie Centrum Edukacji Nauczycieli w Bydgoszczy&nbsp;pod patronatem Kujawsko-Pomorskiego Kuratora O\u015bwiaty oraz Marsza\u0142ka Wojew\u00f3dztwa Kujawsko-Pomorskiego zosta\u0142 rozstrzygni\u0119ty. Nauczyciel: \u0141ukasz Borzych i ucze\u0144: Marceli Joachimiak&nbsp; ze Szko\u0142y Podstawowej im. Agaty Mr\u00f3z w Niemczu zdobyli III miejsce za zaprojektowanie i wydrukowanie deszczowej chmurki. Gratulujemy!<\/p>\n","protected":false},"author":3,"featured_media":0,"comment_status":"closed","ping_status":"open","sticky":false,"template":"","format":"image","meta":{"site-sidebar-layout":"default","site-content-layout":"","ast-site-content-layout":"","site-content-style":"default","site-sidebar-style":"default","ast-global-header-display":"","ast-banner-title-visibility":"","ast-main-header-display":"","ast-hfb-above-header-display":"","ast-hfb-below-header-display":"","ast-hfb-mobile-header-display":"","site-post-title":"","ast-breadcrumbs-content":"","ast-featured-img":"","footer-sml-layout":"","theme-transparent-header-meta":"","adv-header-id-meta":"","stick-header-meta":"","header-above-stick-meta":"","header-main-stick-meta":"","header-below-stick-meta":"","astra-migrate-meta-layouts":"default","ast-page-background-enabled":"default","ast-page-background-meta":{"desktop":{"background-color":"var(--ast-global-color-4)","background-image":"","background-repeat":"repeat","background-position":"center center","background-size":"auto","background-attachment":"scroll","background-type":"","background-media":"","overlay-type":"","overlay-color":"","overlay-opacity":"","overlay-gradient":""},"tablet":{"background-color":"","background-image":"","background-repeat":"repeat","background-position":"center center","background-size":"auto","background-attachment":"scroll","background-type":"","background-media":"","overlay-type":"","overlay-color":"","overlay-opacity":"","overlay-gradient":""},"mobile":{"background-color":"","background-image":"","background-repeat":"repeat","background-position":"center center","background-size":"auto","background-attachment":"scroll","background-type":"","background-media":"","overlay-type":"","overlay-color":"","overlay-opacity":"","overlay-gradient":""}},"ast-content-background-meta":{"desktop":{"background-color":"var(--ast-global-color-5)","background-image":"","background-repeat":"repeat","background-position":"center center","background-size":"auto","background-attachment":"scroll","background-type":"","background-media":"","overlay-type":"","overlay-color":"","overlay-opacity":"","overlay-gradient":""},"tablet":{"background-color":"var(--ast-global-color-5)","background-image":"","background-repeat":"repeat","background-position":"center center","background-size":"auto","background-attachment":"scroll","background-type":"","background-media":"","overlay-type":"","overlay-color":"","overlay-opacity":"","overlay-gradient":""},"mobile":{"background-color":"var(--ast-global-color-5)","background-image":"","background-repeat":"repeat","background-position":"center center","background-size":"auto","background-attachment":"scroll","background-type":"","background-media":"","overlay-type":"","overlay-color":"","overlay-opacity":"","overlay-gradient":""}},"footnotes":""},"categories":[1],"tags":[],"class_list":["post-2732","post","type-post","status-publish","format-image","hentry","category-bez-kategorii","post_format-post-format-image"],"_links":{"self":[{"href":"https:\/\/sp-niemcz.edu.pl\/index.php\/wp-json\/wp\/v2\/posts\/2732","targetHints":{"allow":["GET"]}}],"collection":[{"href":"https:\/\/sp-niemcz.edu.pl\/index.php\/wp-json\/wp\/v2\/posts"}],"about":[{"href":"https:\/\/sp-niemcz.edu.pl\/index.php\/wp-json\/wp\/v2\/types\/post"}],"author":[{"embeddable":true,"href":"https:\/\/sp-niemcz.edu.pl\/index.php\/wp-json\/wp\/v2\/users\/3"}],"replies":[{"embeddable":true,"href":"https:\/\/sp-niemcz.edu.pl\/index.php\/wp-json\/wp\/v2\/comments?post=2732"}],"version-history":[{"count":5,"href":"https:\/\/sp-niemcz.edu.pl\/index.php\/wp-json\/wp\/v2\/posts\/2732\/revisions"}],"predecessor-version":[{"id":2740,"href":"https:\/\/sp-niemcz.edu.pl\/index.php\/wp-json\/wp\/v2\/posts\/2732\/revisions\/2740"}],"wp:attachment":[{"href":"https:\/\/sp-niemcz.edu.pl\/index.php\/wp-json\/wp\/v2\/media?parent=2732"}],"wp:term":[{"taxonomy":"category","embeddable":true,"href":"https:\/\/sp-niemcz.edu.pl\/index.php\/wp-json\/wp\/v2\/categories?post=2732"},{"taxonomy":"post_tag","embeddable":true,"href":"https:\/\/sp-niemcz.edu.pl\/index.php\/wp-json\/wp\/v2\/tags?post=2732"}],"curies":[{"name":"wp","href":"https:\/\/api.w.org\/{rel}","templated":true}]}}